{"id":184,"date":"2023-09-04T20:54:57","date_gmt":"2023-09-04T23:54:57","guid":{"rendered":"https:\/\/itg.pt\/ITG\/?p=184"},"modified":"2025-11-07T11:41:40","modified_gmt":"2025-11-07T11:41:40","slug":"codigo-de-etica","status":"publish","type":"post","link":"https:\/\/itg.pt\/ITG\/codigo-de-etica\/","title":{"rendered":"C\u00f3digo de \u00c9tica"},"content":{"rendered":"\t\t<div data-elementor-type=\"wp-post\" data-elementor-id=\"184\" class=\"elementor elementor-184\">\n\t\t\t\t\t\t<section class=\"elementor-section elementor-top-section elementor-element elementor-element-cb4cb74 elementor-section-boxed elementor-section-height-default elementor-section-height-default\" data-id=\"cb4cb74\" data-element_type=\"section\" data-e-type=\"section\">\n\t\t\t\t\t\t<div class=\"elementor-container elementor-column-gap-default\">\n\t\t\t\t\t<div class=\"elementor-column elementor-col-100 elementor-top-column elementor-element elementor-element-56343655\" data-id=\"56343655\" data-element_type=\"column\" data-e-type=\"column\">\n\t\t\t<div class=\"elementor-widget-wrap elementor-element-populated\">\n\t\t\t\t\t\t<div class=\"elementor-element elementor-element-59c5f860 elementor-widget elementor-widget-text-editor\" data-id=\"59c5f860\" data-element_type=\"widget\" data-e-type=\"widget\" data-widget_type=\"text-editor.default\">\n\t\t\t\t<div class=\"elementor-widget-container\">\n\t\t\t\t\t\t\t\t\t\n<p>Os princ\u00edpios estruturantes, que nos orientam no desenvolvimento das atividades do ITG, baseiam-se no Pacto Mundial para a Responsabilidade Social, no plano social, cultural, \u00e9tico e de desenvolvimento sustentado.<\/p>\n\n\n\n<div class=\"wp-block-group p-caixa-cinza\">\n<p class=\"has-text-align-left\"><strong>Esses princ\u00edpios s\u00e3o:\u00a0<\/strong><\/p>\n\n\n\n<ul class=\"wp-block-list\">\n<li>Respeito e prote\u00e7\u00e3o dos direitos humanos<\/li>\n\n\n\n<li>Respeito pelos direitos dos trabalhadores<\/li>\n\n\n\n<li>Erradica\u00e7\u00e3o do trabalho infantil e for\u00e7ado<\/li>\n\n\n\n<li>Erradica\u00e7\u00e3o das pr\u00e1ticas discriminat\u00f3rias<\/li>\n\n\n\n<li>Responsabilidade na defesa e prote\u00e7\u00e3o do ambiente<\/li>\n\n\n\n<li>Luta contra todas as formas de corrup\u00e7\u00e3o<\/li>\n<li><a href=\"https:\/\/itg.pt\/ITG\/wp-content\/uploads\/01N-Declaracao-imparcialidade-ITG_SET-2025.pdf\">Pol\u00edtica de Imparcialidade<\/a> e <a href=\"https:\/\/itg.pt\/ITG\/wp-content\/uploads\/Codigo-de-etica-e-Conduta-ITG_v04-OUT25.pdf\">C\u00f3digo de \u00c9tica<\/a>\u00a0<\/li>\n<\/ul>\n\n\n\n<ul>\n<li style=\"list-style-type: none;\">\u00a0<\/li>\n<\/ul>\n\n\n\n<p>&nbsp;<\/p>\n<\/div>\n<!-- \/wp:group -->\t\t\t\t\t\t\t\t<\/div>\n\t\t\t\t<\/div>\n\t\t\t\t\t<\/div>\n\t\t<\/div>\n\t\t\t\t\t<\/div>\n\t\t<\/section>\n\t\t\t\t<\/div>\n\t\t","protected":false},"excerpt":{"rendered":"<p>Os princ\u00edpios estruturantes, que nos orientam no desenvolvimento das atividades do ITG, baseiam-se no Pacto Mundial para a Responsabilidade Social, no plano social, cultural, \u00e9tico e de desenvolvimento sustentado. Esses princ\u00edpios s\u00e3o:\u00a0 &nbsp;<\/p>\n","protected":false},"author":1,"featured_media":2242,"comment_status":"closed","ping_status":"open","sticky":false,"template":"","format":"standard","meta":{"_acf_changed":false,"footnotes":""},"categories":[1],"tags":[],"class_list":["post-184","post","type-post","status-publish","format-standard","has-post-thumbnail","hentry","category-sem-categoria"],"acf":[],"yoast_head":"<!-- This site is optimized with the Yoast SEO plugin v27.4 - https:\/\/yoast.com\/product\/yoast-seo-wordpress\/ -->\n<title>C\u00f3digo de \u00c9tica - Instituto ITG<\/title>\n<meta name=\"robots\" content=\"index, follow, max-snippet:-1, max-image-preview:large, max-video-preview:-1\" \/>\n<link rel=\"canonical\" href=\"https:\/\/itg.pt\/ITG\/codigo-de-etica\/\" \/>\n<meta property=\"og:locale\" content=\"pt_PT\" \/>\n<meta property=\"og:type\" content=\"article\" \/>\n<meta property=\"og:title\" content=\"C\u00f3digo de \u00c9tica - Instituto ITG\" \/>\n<meta property=\"og:description\" content=\"Os princ\u00edpios estruturantes, que nos orientam no desenvolvimento das atividades do ITG, baseiam-se no Pacto Mundial para a Responsabilidade Social, no plano social, cultural, \u00e9tico e de desenvolvimento sustentado. Esses princ\u00edpios s\u00e3o:\u00a0 &nbsp;\" \/>\n<meta property=\"og:url\" content=\"https:\/\/itg.pt\/ITG\/codigo-de-etica\/\" \/>\n<meta property=\"og:site_name\" content=\"Instituto ITG\" \/>\n<meta property=\"article:publisher\" content=\"https:\/\/www.facebook.com\/itg.pt\" \/>\n<meta property=\"article:published_time\" content=\"2023-09-04T23:54:57+00:00\" \/>\n<meta property=\"article:modified_time\" content=\"2025-11-07T11:41:40+00:00\" \/>\n<meta property=\"og:image\" content=\"https:\/\/itg.pt\/ITG\/wp-content\/uploads\/Frame-mask-codigo-etica.webp\" \/>\n\t<meta property=\"og:image:width\" content=\"1920\" \/>\n\t<meta property=\"og:image:height\" content=\"621\" \/>\n\t<meta property=\"og:image:type\" content=\"image\/webp\" \/>\n<meta name=\"author\" content=\"beduardarosa@gmail.com\" \/>\n<meta name=\"twitter:card\" content=\"summary_large_image\" \/>\n<meta name=\"twitter:label1\" content=\"Escrito por\" \/>\n\t<meta name=\"twitter:data1\" content=\"beduardarosa@gmail.com\" \/>\n\t<meta name=\"twitter:label2\" content=\"Tempo estimado de leitura\" \/>\n\t<meta name=\"twitter:data2\" content=\"1 minuto\" \/>\n<script type=\"application\/ld+json\" class=\"yoast-schema-graph\">{\"@context\":\"https:\\\/\\\/schema.org\",\"@graph\":[{\"@type\":\"Article\",\"@id\":\"https:\\\/\\\/itg.pt\\\/ITG\\\/codigo-de-etica\\\/#article\",\"isPartOf\":{\"@id\":\"https:\\\/\\\/itg.pt\\\/ITG\\\/codigo-de-etica\\\/\"},\"author\":{\"name\":\"beduardarosa@gmail.com\",\"@id\":\"https:\\\/\\\/itg.pt\\\/ITG\\\/#\\\/schema\\\/person\\\/cd3bcd6817d49c97814719db907f2f32\"},\"headline\":\"C\u00f3digo de \u00c9tica\",\"datePublished\":\"2023-09-04T23:54:57+00:00\",\"dateModified\":\"2025-11-07T11:41:40+00:00\",\"mainEntityOfPage\":{\"@id\":\"https:\\\/\\\/itg.pt\\\/ITG\\\/codigo-de-etica\\\/\"},\"wordCount\":92,\"publisher\":{\"@id\":\"https:\\\/\\\/itg.pt\\\/ITG\\\/#organization\"},\"image\":{\"@id\":\"https:\\\/\\\/itg.pt\\\/ITG\\\/codigo-de-etica\\\/#primaryimage\"},\"thumbnailUrl\":\"https:\\\/\\\/itg.pt\\\/ITG\\\/wp-content\\\/uploads\\\/Frame-mask-codigo-etica.webp\",\"inLanguage\":\"pt-PT\"},{\"@type\":\"WebPage\",\"@id\":\"https:\\\/\\\/itg.pt\\\/ITG\\\/codigo-de-etica\\\/\",\"url\":\"https:\\\/\\\/itg.pt\\\/ITG\\\/codigo-de-etica\\\/\",\"name\":\"C\u00f3digo de \u00c9tica - Instituto ITG\",\"isPartOf\":{\"@id\":\"https:\\\/\\\/itg.pt\\\/ITG\\\/#website\"},\"primaryImageOfPage\":{\"@id\":\"https:\\\/\\\/itg.pt\\\/ITG\\\/codigo-de-etica\\\/#primaryimage\"},\"image\":{\"@id\":\"https:\\\/\\\/itg.pt\\\/ITG\\\/codigo-de-etica\\\/#primaryimage\"},\"thumbnailUrl\":\"https:\\\/\\\/itg.pt\\\/ITG\\\/wp-content\\\/uploads\\\/Frame-mask-codigo-etica.webp\",\"datePublished\":\"2023-09-04T23:54:57+00:00\",\"dateModified\":\"2025-11-07T11:41:40+00:00\",\"breadcrumb\":{\"@id\":\"https:\\\/\\\/itg.pt\\\/ITG\\\/codigo-de-etica\\\/#breadcrumb\"},\"inLanguage\":\"pt-PT\",\"potentialAction\":[{\"@type\":\"ReadAction\",\"target\":[\"https:\\\/\\\/itg.pt\\\/ITG\\\/codigo-de-etica\\\/\"]}]},{\"@type\":\"ImageObject\",\"inLanguage\":\"pt-PT\",\"@id\":\"https:\\\/\\\/itg.pt\\\/ITG\\\/codigo-de-etica\\\/#primaryimage\",\"url\":\"https:\\\/\\\/itg.pt\\\/ITG\\\/wp-content\\\/uploads\\\/Frame-mask-codigo-etica.webp\",\"contentUrl\":\"https:\\\/\\\/itg.pt\\\/ITG\\\/wp-content\\\/uploads\\\/Frame-mask-codigo-etica.webp\",\"width\":1920,\"height\":621},{\"@type\":\"BreadcrumbList\",\"@id\":\"https:\\\/\\\/itg.pt\\\/ITG\\\/codigo-de-etica\\\/#breadcrumb\",\"itemListElement\":[{\"@type\":\"ListItem\",\"position\":1,\"name\":\"In\u00edcio\",\"item\":\"https:\\\/\\\/itg.pt\\\/ITG\\\/\"},{\"@type\":\"ListItem\",\"position\":2,\"name\":\"C\u00f3digo de \u00c9tica\"}]},{\"@type\":\"WebSite\",\"@id\":\"https:\\\/\\\/itg.pt\\\/ITG\\\/#website\",\"url\":\"https:\\\/\\\/itg.pt\\\/ITG\\\/\",\"name\":\"Instituto Tecnol\u00f3gico do G\u00e1s\",\"description\":\"\",\"publisher\":{\"@id\":\"https:\\\/\\\/itg.pt\\\/ITG\\\/#organization\"},\"alternateName\":\"ITG\",\"potentialAction\":[{\"@type\":\"SearchAction\",\"target\":{\"@type\":\"EntryPoint\",\"urlTemplate\":\"https:\\\/\\\/itg.pt\\\/ITG\\\/?s={search_term_string}\"},\"query-input\":{\"@type\":\"PropertyValueSpecification\",\"valueRequired\":true,\"valueName\":\"search_term_string\"}}],\"inLanguage\":\"pt-PT\"},{\"@type\":\"Organization\",\"@id\":\"https:\\\/\\\/itg.pt\\\/ITG\\\/#organization\",\"name\":\"INSTITUTO TECNOL\u00d3GICO DO G\u00c1S\",\"alternateName\":\"ITG\",\"url\":\"https:\\\/\\\/itg.pt\\\/ITG\\\/\",\"logo\":{\"@type\":\"ImageObject\",\"inLanguage\":\"pt-PT\",\"@id\":\"https:\\\/\\\/itg.pt\\\/ITG\\\/#\\\/schema\\\/logo\\\/image\\\/\",\"url\":\"https:\\\/\\\/itg.pt\\\/ITG\\\/wp-content\\\/uploads\\\/Logo-Favicon-1.jpg\",\"contentUrl\":\"https:\\\/\\\/itg.pt\\\/ITG\\\/wp-content\\\/uploads\\\/Logo-Favicon-1.jpg\",\"width\":150,\"height\":150,\"caption\":\"INSTITUTO TECNOL\u00d3GICO DO G\u00c1S\"},\"image\":{\"@id\":\"https:\\\/\\\/itg.pt\\\/ITG\\\/#\\\/schema\\\/logo\\\/image\\\/\"},\"sameAs\":[\"https:\\\/\\\/www.facebook.com\\\/itg.pt\",\"https:\\\/\\\/www.linkedin.com\\\/company\\\/instituto-tecnolgico-do-gs-itg\\\/\"]},{\"@type\":\"Person\",\"@id\":\"https:\\\/\\\/itg.pt\\\/ITG\\\/#\\\/schema\\\/person\\\/cd3bcd6817d49c97814719db907f2f32\",\"name\":\"beduardarosa@gmail.com\",\"image\":{\"@type\":\"ImageObject\",\"inLanguage\":\"pt-PT\",\"@id\":\"https:\\\/\\\/secure.gravatar.com\\\/avatar\\\/39bb6b220c5841c13f66e828d467fd5c3ef61ae04a289eba249b1bc4f51f2c6e?s=96&d=mm&r=g\",\"url\":\"https:\\\/\\\/secure.gravatar.com\\\/avatar\\\/39bb6b220c5841c13f66e828d467fd5c3ef61ae04a289eba249b1bc4f51f2c6e?s=96&d=mm&r=g\",\"contentUrl\":\"https:\\\/\\\/secure.gravatar.com\\\/avatar\\\/39bb6b220c5841c13f66e828d467fd5c3ef61ae04a289eba249b1bc4f51f2c6e?s=96&d=mm&r=g\",\"caption\":\"beduardarosa@gmail.com\"},\"sameAs\":[\"https:\\\/\\\/itg.pt\\\/ITG\"],\"url\":\"https:\\\/\\\/itg.pt\\\/ITG\\\/author\\\/beduardarosagmail-com\\\/\"}]}<\/script>\n<!-- \/ Yoast SEO plugin. -->","yoast_head_json":{"title":"C\u00f3digo de \u00c9tica - Instituto ITG","robots":{"index":"index","follow":"follow","max-snippet":"max-snippet:-1","max-image-preview":"max-image-preview:large","max-video-preview":"max-video-preview:-1"},"canonical":"https:\/\/itg.pt\/ITG\/codigo-de-etica\/","og_locale":"pt_PT","og_type":"article","og_title":"C\u00f3digo de \u00c9tica - Instituto ITG","og_description":"Os princ\u00edpios estruturantes, que nos orientam no desenvolvimento das atividades do ITG, baseiam-se no Pacto Mundial para a Responsabilidade Social, no plano social, cultural, \u00e9tico e de desenvolvimento sustentado. Esses princ\u00edpios s\u00e3o:\u00a0 &nbsp;","og_url":"https:\/\/itg.pt\/ITG\/codigo-de-etica\/","og_site_name":"Instituto ITG","article_publisher":"https:\/\/www.facebook.com\/itg.pt","article_published_time":"2023-09-04T23:54:57+00:00","article_modified_time":"2025-11-07T11:41:40+00:00","og_image":[{"width":1920,"height":621,"url":"https:\/\/itg.pt\/ITG\/wp-content\/uploads\/Frame-mask-codigo-etica.webp","type":"image\/webp"}],"author":"beduardarosa@gmail.com","twitter_card":"summary_large_image","twitter_misc":{"Escrito por":"beduardarosa@gmail.com","Tempo estimado de leitura":"1 minuto"},"schema":{"@context":"https:\/\/schema.org","@graph":[{"@type":"Article","@id":"https:\/\/itg.pt\/ITG\/codigo-de-etica\/#article","isPartOf":{"@id":"https:\/\/itg.pt\/ITG\/codigo-de-etica\/"},"author":{"name":"beduardarosa@gmail.com","@id":"https:\/\/itg.pt\/ITG\/#\/schema\/person\/cd3bcd6817d49c97814719db907f2f32"},"headline":"C\u00f3digo de \u00c9tica","datePublished":"2023-09-04T23:54:57+00:00","dateModified":"2025-11-07T11:41:40+00:00","mainEntityOfPage":{"@id":"https:\/\/itg.pt\/ITG\/codigo-de-etica\/"},"wordCount":92,"publisher":{"@id":"https:\/\/itg.pt\/ITG\/#organization"},"image":{"@id":"https:\/\/itg.pt\/ITG\/codigo-de-etica\/#primaryimage"},"thumbnailUrl":"https:\/\/itg.pt\/ITG\/wp-content\/uploads\/Frame-mask-codigo-etica.webp","inLanguage":"pt-PT"},{"@type":"WebPage","@id":"https:\/\/itg.pt\/ITG\/codigo-de-etica\/","url":"https:\/\/itg.pt\/ITG\/codigo-de-etica\/","name":"C\u00f3digo de \u00c9tica - Instituto ITG","isPartOf":{"@id":"https:\/\/itg.pt\/ITG\/#website"},"primaryImageOfPage":{"@id":"https:\/\/itg.pt\/ITG\/codigo-de-etica\/#primaryimage"},"image":{"@id":"https:\/\/itg.pt\/ITG\/codigo-de-etica\/#primaryimage"},"thumbnailUrl":"https:\/\/itg.pt\/ITG\/wp-content\/uploads\/Frame-mask-codigo-etica.webp","datePublished":"2023-09-04T23:54:57+00:00","dateModified":"2025-11-07T11:41:40+00:00","breadcrumb":{"@id":"https:\/\/itg.pt\/ITG\/codigo-de-etica\/#breadcrumb"},"inLanguage":"pt-PT","potentialAction":[{"@type":"ReadAction","target":["https:\/\/itg.pt\/ITG\/codigo-de-etica\/"]}]},{"@type":"ImageObject","inLanguage":"pt-PT","@id":"https:\/\/itg.pt\/ITG\/codigo-de-etica\/#primaryimage","url":"https:\/\/itg.pt\/ITG\/wp-content\/uploads\/Frame-mask-codigo-etica.webp","contentUrl":"https:\/\/itg.pt\/ITG\/wp-content\/uploads\/Frame-mask-codigo-etica.webp","width":1920,"height":621},{"@type":"BreadcrumbList","@id":"https:\/\/itg.pt\/ITG\/codigo-de-etica\/#breadcrumb","itemListElement":[{"@type":"ListItem","position":1,"name":"In\u00edcio","item":"https:\/\/itg.pt\/ITG\/"},{"@type":"ListItem","position":2,"name":"C\u00f3digo de \u00c9tica"}]},{"@type":"WebSite","@id":"https:\/\/itg.pt\/ITG\/#website","url":"https:\/\/itg.pt\/ITG\/","name":"Instituto Tecnol\u00f3gico do G\u00e1s","description":"","publisher":{"@id":"https:\/\/itg.pt\/ITG\/#organization"},"alternateName":"ITG","potentialAction":[{"@type":"SearchAction","target":{"@type":"EntryPoint","urlTemplate":"https:\/\/itg.pt\/ITG\/?s={search_term_string}"},"query-input":{"@type":"PropertyValueSpecification","valueRequired":true,"valueName":"search_term_string"}}],"inLanguage":"pt-PT"},{"@type":"Organization","@id":"https:\/\/itg.pt\/ITG\/#organization","name":"INSTITUTO TECNOL\u00d3GICO DO G\u00c1S","alternateName":"ITG","url":"https:\/\/itg.pt\/ITG\/","logo":{"@type":"ImageObject","inLanguage":"pt-PT","@id":"https:\/\/itg.pt\/ITG\/#\/schema\/logo\/image\/","url":"https:\/\/itg.pt\/ITG\/wp-content\/uploads\/Logo-Favicon-1.jpg","contentUrl":"https:\/\/itg.pt\/ITG\/wp-content\/uploads\/Logo-Favicon-1.jpg","width":150,"height":150,"caption":"INSTITUTO TECNOL\u00d3GICO DO G\u00c1S"},"image":{"@id":"https:\/\/itg.pt\/ITG\/#\/schema\/logo\/image\/"},"sameAs":["https:\/\/www.facebook.com\/itg.pt","https:\/\/www.linkedin.com\/company\/instituto-tecnolgico-do-gs-itg\/"]},{"@type":"Person","@id":"https:\/\/itg.pt\/ITG\/#\/schema\/person\/cd3bcd6817d49c97814719db907f2f32","name":"beduardarosa@gmail.com","image":{"@type":"ImageObject","inLanguage":"pt-PT","@id":"https:\/\/secure.gravatar.com\/avatar\/39bb6b220c5841c13f66e828d467fd5c3ef61ae04a289eba249b1bc4f51f2c6e?s=96&d=mm&r=g","url":"https:\/\/secure.gravatar.com\/avatar\/39bb6b220c5841c13f66e828d467fd5c3ef61ae04a289eba249b1bc4f51f2c6e?s=96&d=mm&r=g","contentUrl":"https:\/\/secure.gravatar.com\/avatar\/39bb6b220c5841c13f66e828d467fd5c3ef61ae04a289eba249b1bc4f51f2c6e?s=96&d=mm&r=g","caption":"beduardarosa@gmail.com"},"sameAs":["https:\/\/itg.pt\/ITG"],"url":"https:\/\/itg.pt\/ITG\/author\/beduardarosagmail-com\/"}]}},"_links":{"self":[{"href":"https:\/\/itg.pt\/ITG\/wp-json\/wp\/v2\/posts\/184","targetHints":{"allow":["GET"]}}],"collection":[{"href":"https:\/\/itg.pt\/ITG\/wp-json\/wp\/v2\/posts"}],"about":[{"href":"https:\/\/itg.pt\/ITG\/wp-json\/wp\/v2\/types\/post"}],"author":[{"embeddable":true,"href":"https:\/\/itg.pt\/ITG\/wp-json\/wp\/v2\/users\/1"}],"replies":[{"embeddable":true,"href":"https:\/\/itg.pt\/ITG\/wp-json\/wp\/v2\/comments?post=184"}],"version-history":[{"count":48,"href":"https:\/\/itg.pt\/ITG\/wp-json\/wp\/v2\/posts\/184\/revisions"}],"predecessor-version":[{"id":3295,"href":"https:\/\/itg.pt\/ITG\/wp-json\/wp\/v2\/posts\/184\/revisions\/3295"}],"wp:featuredmedia":[{"embeddable":true,"href":"https:\/\/itg.pt\/ITG\/wp-json\/wp\/v2\/media\/2242"}],"wp:attachment":[{"href":"https:\/\/itg.pt\/ITG\/wp-json\/wp\/v2\/media?parent=184"}],"wp:term":[{"taxonomy":"category","embeddable":true,"href":"https:\/\/itg.pt\/ITG\/wp-json\/wp\/v2\/categories?post=184"},{"taxonomy":"post_tag","embeddable":true,"href":"https:\/\/itg.pt\/ITG\/wp-json\/wp\/v2\/tags?post=184"}],"curies":[{"name":"wp","href":"https:\/\/api.w.org\/{rel}","templated":true}]}}